{"id":7998,"date":"2026-09-04T09:10:54","date_gmt":"2026-09-04T07:10:54","guid":{"rendered":"https:\/\/toufflers.fr\/?p=7998"},"modified":"2026-09-04T09:10:54","modified_gmt":"2026-09-04T07:10:54","slug":"port-du-casque-obligatoire","status":"publish","type":"post","link":"https:\/\/toufflers.fr\/index.php\/2026\/09\/04\/port-du-casque-obligatoire\/","title":{"rendered":"Port du casque obligatoire"},"content":{"rendered":"<p><a href=\"https:\/\/toufflers.fr\/wp-content\/uploads\/2026\/09\/FicheThematique_Velo.pdf\" target=\"_blank\" rel=\"noopener\"><img loading=\"lazy\" decoding=\"async\" class=\"alignnone size-medium wp-image-8003\" src=\"https:\/\/toufflers.fr\/wp-content\/uploads\/2026\/09\/FicheThematique_Velo-212x300.jpg\" alt=\"\" width=\"212\" height=\"300\" srcset=\"https:\/\/toufflers.fr\/wp-content\/uploads\/2026\/09\/FicheThematique_Velo-212x300.jpg 212w, https:\/\/toufflers.fr\/wp-content\/uploads\/2026\/09\/FicheThematique_Velo-724x1024.jpg 724w, https:\/\/toufflers.fr\/wp-content\/uploads\/2026\/09\/FicheThematique_Velo-768x1086.jpg 768w, https:\/\/toufflers.fr\/wp-content\/uploads\/2026\/09\/FicheThematique_Velo-1086x1536.jpg 1086w, https:\/\/toufflers.fr\/wp-content\/uploads\/2026\/09\/FicheThematique_Velo-1448x2048.jpg 1448w, https:\/\/toufflers.fr\/wp-content\/uploads\/2026\/09\/FicheThematique_Velo-scaled.jpg 1810w\" sizes=\"auto, (max-width: 212px) 100vw, 212px\" \/><\/a>\u00a0 \u00a0 \u00a0 \u00a0 \u00a0 \u00a0 \u00a0 \u00a0<a href=\"https:\/\/toufflers.fr\/wp-content\/uploads\/2026\/09\/FicheThematique_EDPM.pdf\" target=\"_blank\" rel=\"noopener\"><img loading=\"lazy\" decoding=\"async\" class=\"alignnone size-medium wp-image-8001\" src=\"https:\/\/toufflers.fr\/wp-content\/uploads\/2026\/09\/FicheThematique_EDPM-212x300.jpg\" alt=\"\" width=\"212\" height=\"300\" srcset=\"https:\/\/toufflers.fr\/wp-content\/uploads\/2026\/09\/FicheThematique_EDPM-212x300.jpg 212w, https:\/\/toufflers.fr\/wp-content\/uploads\/2026\/09\/FicheThematique_EDPM-724x1024.jpg 724w, https:\/\/toufflers.fr\/wp-content\/uploads\/2026\/09\/FicheThematique_EDPM-768x1086.jpg 768w, https:\/\/toufflers.fr\/wp-content\/uploads\/2026\/09\/FicheThematique_EDPM-1086x1536.jpg 1086w, https:\/\/toufflers.fr\/wp-content\/uploads\/2026\/09\/FicheThematique_EDPM-1448x2048.jpg 1448w, https:\/\/toufflers.fr\/wp-content\/uploads\/2026\/09\/FicheThematique_EDPM-scaled.jpg 1810w\" sizes=\"auto, (max-width: 212px) 100vw, 212px\" \/><\/a><\/p>\n","protected":false},"excerpt":{"rendered":"<p>\u00a0 \u00a0 \u00a0 \u00a0 \u00a0 \u00a0 \u00a0 \u00a0<\/p>\n","protected":false},"author":2,"featured_media":7999,"comment_status":"closed","ping_status":"closed","sticky":false,"template":"","format":"standard","meta":{"footnotes":""},"categories":[4],"tags":[],"class_list":["post-7998","post","type-post","status-publish","format-standard","has-post-thumbnail","hentry","category-actualite"],"yoast_head":"<!-- This site is optimized with the Yoast SEO plugin v28.3 - https:\/\/yoast.com\/product\/yoast-seo-wordpress\/ -->\n<title>Port du casque obligatoire - Toufflers<\/title>\n<meta name=\"robots\" content=\"index, follow, max-snippet:-1, max-image-preview:large, max-video-preview:-1\" \/>\n<link rel=\"canonical\" href=\"https:\/\/toufflers.fr\/index.php\/2026\/09\/04\/port-du-casque-obligatoire\/\" \/>\n<meta property=\"og:locale\" content=\"fr_FR\" \/>\n<meta property=\"og:type\" content=\"article\" \/>\n<meta property=\"og:title\" content=\"Port du casque obligatoire - Toufflers\" \/>\n<meta property=\"og:description\" content=\"\u00a0 \u00a0 \u00a0 \u00a0 \u00a0 \u00a0 \u00a0 \u00a0\" \/>\n<meta property=\"og:url\" content=\"https:\/\/toufflers.fr\/index.php\/2026\/09\/04\/port-du-casque-obligatoire\/\" \/>\n<meta property=\"og:site_name\" content=\"Toufflers\" \/>\n<meta property=\"article:publisher\" content=\"https:\/\/www.facebook.com\/people\/Mairie-de-Toufflers\/100064872632846\/?fref=ts\" \/>\n<meta property=\"article:published_time\" content=\"2026-09-04T07:10:54+00:00\" \/>\n<meta property=\"og:image\" content=\"https:\/\/toufflers.fr\/wp-content\/uploads\/2026\/09\/Affiche_Obligation-port-du-casque-scaled.jpg\" \/>\n\t<meta property=\"og:image:width\" content=\"1810\" \/>\n\t<meta property=\"og:image:height\" content=\"2560\" \/>\n\t<meta property=\"og:image:type\" content=\"image\/jpeg\" \/>\n<meta name=\"author\" content=\"Info Maire\" \/>\n<meta name=\"twitter:card\" content=\"summary_large_image\" \/>\n<meta name=\"twitter:label1\" content=\"\u00c9crit par\" \/>\n\t<meta name=\"twitter:data1\" content=\"Info Maire\" \/>\n\t<meta name=\"twitter:label2\" content=\"Dur\u00e9e de lecture estim\u00e9e\" \/>\n\t<meta name=\"twitter:data2\" content=\"1 minute\" \/>\n<script type=\"application\/ld+json\" class=\"yoast-schema-graph\">{\"@context\":\"https:\\\/\\\/schema.org\",\"@graph\":[{\"@type\":\"Article\",\"@id\":\"https:\\\/\\\/toufflers.fr\\\/index.php\\\/2026\\\/09\\\/04\\\/port-du-casque-obligatoire\\\/#article\",\"isPartOf\":{\"@id\":\"https:\\\/\\\/toufflers.fr\\\/index.php\\\/2026\\\/09\\\/04\\\/port-du-casque-obligatoire\\\/\"},\"author\":{\"name\":\"Info Maire\",\"@id\":\"https:\\\/\\\/toufflers.fr\\\/#\\\/schema\\\/person\\\/43757d65045146fb68d01b83b82c77e2\"},\"headline\":\"Port du casque obligatoire\",\"datePublished\":\"2026-09-04T07:10:54+00:00\",\"mainEntityOfPage\":{\"@id\":\"https:\\\/\\\/toufflers.fr\\\/index.php\\\/2026\\\/09\\\/04\\\/port-du-casque-obligatoire\\\/\"},\"wordCount\":4,\"publisher\":{\"@id\":\"https:\\\/\\\/toufflers.fr\\\/#organization\"},\"image\":{\"@id\":\"https:\\\/\\\/toufflers.fr\\\/index.php\\\/2026\\\/09\\\/04\\\/port-du-casque-obligatoire\\\/#primaryimage\"},\"thumbnailUrl\":\"https:\\\/\\\/toufflers.fr\\\/wp-content\\\/uploads\\\/2026\\\/09\\\/Affiche_Obligation-port-du-casque-scaled.jpg\",\"articleSection\":[\"Actualit\u00e9\"],\"inLanguage\":\"fr-FR\"},{\"@type\":\"WebPage\",\"@id\":\"https:\\\/\\\/toufflers.fr\\\/index.php\\\/2026\\\/09\\\/04\\\/port-du-casque-obligatoire\\\/\",\"url\":\"https:\\\/\\\/toufflers.fr\\\/index.php\\\/2026\\\/09\\\/04\\\/port-du-casque-obligatoire\\\/\",\"name\":\"Port du casque obligatoire - Toufflers\",\"isPartOf\":{\"@id\":\"https:\\\/\\\/toufflers.fr\\\/#website\"},\"primaryImageOfPage\":{\"@id\":\"https:\\\/\\\/toufflers.fr\\\/index.php\\\/2026\\\/09\\\/04\\\/port-du-casque-obligatoire\\\/#primaryimage\"},\"image\":{\"@id\":\"https:\\\/\\\/toufflers.fr\\\/index.php\\\/2026\\\/09\\\/04\\\/port-du-casque-obligatoire\\\/#primaryimage\"},\"thumbnailUrl\":\"https:\\\/\\\/toufflers.fr\\\/wp-content\\\/uploads\\\/2026\\\/09\\\/Affiche_Obligation-port-du-casque-scaled.jpg\",\"datePublished\":\"2026-09-04T07:10:54+00:00\",\"breadcrumb\":{\"@id\":\"https:\\\/\\\/toufflers.fr\\\/index.php\\\/2026\\\/09\\\/04\\\/port-du-casque-obligatoire\\\/#breadcrumb\"},\"inLanguage\":\"fr-FR\",\"potentialAction\":[{\"@type\":\"ReadAction\",\"target\":[\"https:\\\/\\\/toufflers.fr\\\/index.php\\\/2026\\\/09\\\/04\\\/port-du-casque-obligatoire\\\/\"]}]},{\"@type\":\"ImageObject\",\"inLanguage\":\"fr-FR\",\"@id\":\"https:\\\/\\\/toufflers.fr\\\/index.php\\\/2026\\\/09\\\/04\\\/port-du-casque-obligatoire\\\/#primaryimage\",\"url\":\"https:\\\/\\\/toufflers.fr\\\/wp-content\\\/uploads\\\/2026\\\/09\\\/Affiche_Obligation-port-du-casque-scaled.jpg\",\"contentUrl\":\"https:\\\/\\\/toufflers.fr\\\/wp-content\\\/uploads\\\/2026\\\/09\\\/Affiche_Obligation-port-du-casque-scaled.jpg\",\"width\":1810,\"height\":2560},{\"@type\":\"BreadcrumbList\",\"@id\":\"https:\\\/\\\/toufflers.fr\\\/index.php\\\/2026\\\/09\\\/04\\\/port-du-casque-obligatoire\\\/#breadcrumb\",\"itemListElement\":[{\"@type\":\"ListItem\",\"position\":1,\"name\":\"Accueil\",\"item\":\"https:\\\/\\\/toufflers.fr\\\/\"},{\"@type\":\"ListItem\",\"position\":2,\"name\":\"Port du casque obligatoire\"}]},{\"@type\":\"WebSite\",\"@id\":\"https:\\\/\\\/toufflers.fr\\\/#website\",\"url\":\"https:\\\/\\\/toufflers.fr\\\/\",\"name\":\"Toufflers\",\"description\":\"\",\"publisher\":{\"@id\":\"https:\\\/\\\/toufflers.fr\\\/#organization\"},\"potentialAction\":[{\"@type\":\"SearchAction\",\"target\":{\"@type\":\"EntryPoint\",\"urlTemplate\":\"https:\\\/\\\/toufflers.fr\\\/?s={search_term_string}\"},\"query-input\":{\"@type\":\"PropertyValueSpecification\",\"valueRequired\":true,\"valueName\":\"search_term_string\"}}],\"inLanguage\":\"fr-FR\"},{\"@type\":\"Organization\",\"@id\":\"https:\\\/\\\/toufflers.fr\\\/#organization\",\"name\":\"Toufflers\",\"url\":\"https:\\\/\\\/toufflers.fr\\\/\",\"logo\":{\"@type\":\"ImageObject\",\"inLanguage\":\"fr-FR\",\"@id\":\"https:\\\/\\\/toufflers.fr\\\/#\\\/schema\\\/logo\\\/image\\\/\",\"url\":\"https:\\\/\\\/toufflers.fr\\\/wp-content\\\/uploads\\\/2024\\\/02\\\/Logo-site.png\",\"contentUrl\":\"https:\\\/\\\/toufflers.fr\\\/wp-content\\\/uploads\\\/2024\\\/02\\\/Logo-site.png\",\"width\":2560,\"height\":721,\"caption\":\"Toufflers\"},\"image\":{\"@id\":\"https:\\\/\\\/toufflers.fr\\\/#\\\/schema\\\/logo\\\/image\\\/\"},\"sameAs\":[\"https:\\\/\\\/www.facebook.com\\\/people\\\/Mairie-de-Toufflers\\\/100064872632846\\\/?fref=ts\"]},{\"@type\":\"Person\",\"@id\":\"https:\\\/\\\/toufflers.fr\\\/#\\\/schema\\\/person\\\/43757d65045146fb68d01b83b82c77e2\",\"name\":\"Info Maire\",\"image\":{\"@type\":\"ImageObject\",\"inLanguage\":\"fr-FR\",\"@id\":\"https:\\\/\\\/secure.gravatar.com\\\/avatar\\\/fdb98e0434137f4b665e6b9fd0395be57e45701a4f1e54ae317744dd0d4265a4?s=96&d=mm&r=g\",\"url\":\"https:\\\/\\\/secure.gravatar.com\\\/avatar\\\/fdb98e0434137f4b665e6b9fd0395be57e45701a4f1e54ae317744dd0d4265a4?s=96&d=mm&r=g\",\"contentUrl\":\"https:\\\/\\\/secure.gravatar.com\\\/avatar\\\/fdb98e0434137f4b665e6b9fd0395be57e45701a4f1e54ae317744dd0d4265a4?s=96&d=mm&r=g\",\"caption\":\"Info Maire\"},\"url\":\"https:\\\/\\\/toufflers.fr\\\/index.php\\\/author\\\/webinfomairie\\\/\"}]}<\/script>\n<!-- \/ Yoast SEO plugin. -->","yoast_head_json":{"title":"Port du casque obligatoire - Toufflers","robots":{"index":"index","follow":"follow","max-snippet":"max-snippet:-1","max-image-preview":"max-image-preview:large","max-video-preview":"max-video-preview:-1"},"canonical":"https:\/\/toufflers.fr\/index.php\/2026\/09\/04\/port-du-casque-obligatoire\/","og_locale":"fr_FR","og_type":"article","og_title":"Port du casque obligatoire - Toufflers","og_description":"\u00a0 \u00a0 \u00a0 \u00a0 \u00a0 \u00a0 \u00a0 \u00a0","og_url":"https:\/\/toufflers.fr\/index.php\/2026\/09\/04\/port-du-casque-obligatoire\/","og_site_name":"Toufflers","article_publisher":"https:\/\/www.facebook.com\/people\/Mairie-de-Toufflers\/100064872632846\/?fref=ts","article_published_time":"2026-09-04T07:10:54+00:00","og_image":[{"width":1810,"height":2560,"url":"https:\/\/toufflers.fr\/wp-content\/uploads\/2026\/09\/Affiche_Obligation-port-du-casque-scaled.jpg","type":"image\/jpeg"}],"author":"Info Maire","twitter_card":"summary_large_image","twitter_misc":{"\u00c9crit par":"Info Maire","Dur\u00e9e de lecture estim\u00e9e":"1 minute"},"schema":{"@context":"https:\/\/schema.org","@graph":[{"@type":"Article","@id":"https:\/\/toufflers.fr\/index.php\/2026\/09\/04\/port-du-casque-obligatoire\/#article","isPartOf":{"@id":"https:\/\/toufflers.fr\/index.php\/2026\/09\/04\/port-du-casque-obligatoire\/"},"author":{"name":"Info Maire","@id":"https:\/\/toufflers.fr\/#\/schema\/person\/43757d65045146fb68d01b83b82c77e2"},"headline":"Port du casque obligatoire","datePublished":"2026-09-04T07:10:54+00:00","mainEntityOfPage":{"@id":"https:\/\/toufflers.fr\/index.php\/2026\/09\/04\/port-du-casque-obligatoire\/"},"wordCount":4,"publisher":{"@id":"https:\/\/toufflers.fr\/#organization"},"image":{"@id":"https:\/\/toufflers.fr\/index.php\/2026\/09\/04\/port-du-casque-obligatoire\/#primaryimage"},"thumbnailUrl":"https:\/\/toufflers.fr\/wp-content\/uploads\/2026\/09\/Affiche_Obligation-port-du-casque-scaled.jpg","articleSection":["Actualit\u00e9"],"inLanguage":"fr-FR"},{"@type":"WebPage","@id":"https:\/\/toufflers.fr\/index.php\/2026\/09\/04\/port-du-casque-obligatoire\/","url":"https:\/\/toufflers.fr\/index.php\/2026\/09\/04\/port-du-casque-obligatoire\/","name":"Port du casque obligatoire - Toufflers","isPartOf":{"@id":"https:\/\/toufflers.fr\/#website"},"primaryImageOfPage":{"@id":"https:\/\/toufflers.fr\/index.php\/2026\/09\/04\/port-du-casque-obligatoire\/#primaryimage"},"image":{"@id":"https:\/\/toufflers.fr\/index.php\/2026\/09\/04\/port-du-casque-obligatoire\/#primaryimage"},"thumbnailUrl":"https:\/\/toufflers.fr\/wp-content\/uploads\/2026\/09\/Affiche_Obligation-port-du-casque-scaled.jpg","datePublished":"2026-09-04T07:10:54+00:00","breadcrumb":{"@id":"https:\/\/toufflers.fr\/index.php\/2026\/09\/04\/port-du-casque-obligatoire\/#breadcrumb"},"inLanguage":"fr-FR","potentialAction":[{"@type":"ReadAction","target":["https:\/\/toufflers.fr\/index.php\/2026\/09\/04\/port-du-casque-obligatoire\/"]}]},{"@type":"ImageObject","inLanguage":"fr-FR","@id":"https:\/\/toufflers.fr\/index.php\/2026\/09\/04\/port-du-casque-obligatoire\/#primaryimage","url":"https:\/\/toufflers.fr\/wp-content\/uploads\/2026\/09\/Affiche_Obligation-port-du-casque-scaled.jpg","contentUrl":"https:\/\/toufflers.fr\/wp-content\/uploads\/2026\/09\/Affiche_Obligation-port-du-casque-scaled.jpg","width":1810,"height":2560},{"@type":"BreadcrumbList","@id":"https:\/\/toufflers.fr\/index.php\/2026\/09\/04\/port-du-casque-obligatoire\/#breadcrumb","itemListElement":[{"@type":"ListItem","position":1,"name":"Accueil","item":"https:\/\/toufflers.fr\/"},{"@type":"ListItem","position":2,"name":"Port du casque obligatoire"}]},{"@type":"WebSite","@id":"https:\/\/toufflers.fr\/#website","url":"https:\/\/toufflers.fr\/","name":"Toufflers","description":"","publisher":{"@id":"https:\/\/toufflers.fr\/#organization"},"potentialAction":[{"@type":"SearchAction","target":{"@type":"EntryPoint","urlTemplate":"https:\/\/toufflers.fr\/?s={search_term_string}"},"query-input":{"@type":"PropertyValueSpecification","valueRequired":true,"valueName":"search_term_string"}}],"inLanguage":"fr-FR"},{"@type":"Organization","@id":"https:\/\/toufflers.fr\/#organization","name":"Toufflers","url":"https:\/\/toufflers.fr\/","logo":{"@type":"ImageObject","inLanguage":"fr-FR","@id":"https:\/\/toufflers.fr\/#\/schema\/logo\/image\/","url":"https:\/\/toufflers.fr\/wp-content\/uploads\/2024\/02\/Logo-site.png","contentUrl":"https:\/\/toufflers.fr\/wp-content\/uploads\/2024\/02\/Logo-site.png","width":2560,"height":721,"caption":"Toufflers"},"image":{"@id":"https:\/\/toufflers.fr\/#\/schema\/logo\/image\/"},"sameAs":["https:\/\/www.facebook.com\/people\/Mairie-de-Toufflers\/100064872632846\/?fref=ts"]},{"@type":"Person","@id":"https:\/\/toufflers.fr\/#\/schema\/person\/43757d65045146fb68d01b83b82c77e2","name":"Info Maire","image":{"@type":"ImageObject","inLanguage":"fr-FR","@id":"https:\/\/secure.gravatar.com\/avatar\/fdb98e0434137f4b665e6b9fd0395be57e45701a4f1e54ae317744dd0d4265a4?s=96&d=mm&r=g","url":"https:\/\/secure.gravatar.com\/avatar\/fdb98e0434137f4b665e6b9fd0395be57e45701a4f1e54ae317744dd0d4265a4?s=96&d=mm&r=g","contentUrl":"https:\/\/secure.gravatar.com\/avatar\/fdb98e0434137f4b665e6b9fd0395be57e45701a4f1e54ae317744dd0d4265a4?s=96&d=mm&r=g","caption":"Info Maire"},"url":"https:\/\/toufflers.fr\/index.php\/author\/webinfomairie\/"}]}},"_links":{"self":[{"href":"https:\/\/toufflers.fr\/index.php\/wp-json\/wp\/v2\/posts\/7998","targetHints":{"allow":["GET"]}}],"collection":[{"href":"https:\/\/toufflers.fr\/index.php\/wp-json\/wp\/v2\/posts"}],"about":[{"href":"https:\/\/toufflers.fr\/index.php\/wp-json\/wp\/v2\/types\/post"}],"author":[{"embeddable":true,"href":"https:\/\/toufflers.fr\/index.php\/wp-json\/wp\/v2\/users\/2"}],"replies":[{"embeddable":true,"href":"https:\/\/toufflers.fr\/index.php\/wp-json\/wp\/v2\/comments?post=7998"}],"version-history":[{"count":1,"href":"https:\/\/toufflers.fr\/index.php\/wp-json\/wp\/v2\/posts\/7998\/revisions"}],"predecessor-version":[{"id":8005,"href":"https:\/\/toufflers.fr\/index.php\/wp-json\/wp\/v2\/posts\/7998\/revisions\/8005"}],"wp:featuredmedia":[{"embeddable":true,"href":"https:\/\/toufflers.fr\/index.php\/wp-json\/wp\/v2\/media\/7999"}],"wp:attachment":[{"href":"https:\/\/toufflers.fr\/index.php\/wp-json\/wp\/v2\/media?parent=7998"}],"wp:term":[{"taxonomy":"category","embeddable":true,"href":"https:\/\/toufflers.fr\/index.php\/wp-json\/wp\/v2\/categories?post=7998"},{"taxonomy":"post_tag","embeddable":true,"href":"https:\/\/toufflers.fr\/index.php\/wp-json\/wp\/v2\/tags?post=7998"}],"curies":[{"name":"wp","href":"https:\/\/api.w.org\/{rel}","templated":true}]}}